{"id":1887,"date":"2022-03-07T10:31:04","date_gmt":"2022-03-07T10:31:04","guid":{"rendered":"https:\/\/artandscience.rs\/novi\/oliver-resler-barikadiranje-ledenih-ploca\/"},"modified":"2023-10-16T14:04:36","modified_gmt":"2023-10-16T14:04:36","slug":"oliver-resler-barikadiranje-ledenih-ploca","status":"publish","type":"post","link":"https:\/\/artandscience.rs\/en\/1887\/","title":{"rendered":"Oliver Resler: Barikadiranje ledenih plo\u010da"},"content":{"rendered":"<p><strong>Austrijski umetnik, reditelj i ekolo\u0161ki aktivista&nbsp;Oliver Resler&nbsp;se skoro dvadeset godina bavi pitanjima klimatske krize i klimatske pravde.<\/strong><\/p>\n\n\n\n<p>Pro\u0161log meseca zatvorena je velika izlo\u017eba Olivera Reslera u Muzeju savremene umetnosti u Zagrebu. Austrijski umetnik, reditelj i ekolo\u0161ki aktivista&nbsp;Oliver Resler&nbsp;se skoro dvadeset godina bavi pitanjima klimatske krize i klimatske pravde. Njegove umetni\u010dke instalacije, intervencije u javnom prostoru i filmovi pokre\u0107u pitanja koja se odnose na ekonomiju, demokratiju, globalno zagrevanje, oblike otpora i alternativni na\u010din \u017eivota.&nbsp;<\/p>\n\n\n\n<figure class=\"wp-block-image size-large\"><img decoding=\"async\" width=\"25\" height=\"25\" data-src=\"https:\/\/artandscience.rs\/novi\/wp-content\/uploads\/2023\/10\/How_is_the_air_up_there-2-1024x683.jpg\" alt=\"\" class=\"wp-image-1385 lazyload\" src=\"data:image\/svg+xml;base64,PHN2ZyB3aWR0aD0iMSIgaGVpZ2h0PSIxIiB4bWxucz0iaHR0cDovL3d3dy53My5vcmcvMjAwMC9zdmciPjwvc3ZnPg==\" style=\"--smush-placeholder-width: 25px; --smush-placeholder-aspect-ratio: 25\/25;\" \/><figcaption>\u201cHow is the Air up There?\u201d, digitalni print, 59,5 x 84,4 cm, 2018 &#8211; <a href=\"http:\/\/www.ressler.at\" target=\"_blank\" rel=\"noopener\">www.ressler.at<\/a><br><\/figcaption><\/figure>\n\n\n\n<p>\u201eBarikadiranje ledenih plo\u010da\u201c<em>,<\/em> u izvedbi kustoskinje Leile Topi\u0107, prva je samostalna izlo\u017eba ovog umetnika u Zagrebu i obuhvata radove posve\u0107ene klimatskom slomu. Kroz 59 izlo\u017eenih radova umetnik istra\u017euje klimatsku krizu, pokret za klimatsku pravdu, kao i povezanost tog pokreta i umetnosti. Pokrivaju\u0107i period Reslerovog stvarala\u0161tva od 1994. do 2021, izlo\u017eba uklju\u010duje video-radove, fotografije, trokanalnu instalaciju sa zvukom, skulpture, transparente i crte\u017ee. Naslov izlo\u017ebe upu\u0107uje na razmere izazova sa kojim se suo\u010dava pokret za klimatsku pravdu. Barikadirati ledene plo\u010de dok se fizi\u010dki tope nemogu\u0107e je, no pokret poku\u0161ava da postigne ne\u0161to bez presedana \u0161to govori o ozbiljnosti situacije i klimatske krize koja na\u0161u planetu gura u propast.&nbsp;<\/p>\n\n\n\n<div class=\"wp-block-image\"><figure class=\"aligncenter size-full is-resized\"><img fetchpriority=\"high\" decoding=\"async\" src=\"https:\/\/artandscience.rs\/novi\/wp-content\/uploads\/2023\/10\/Carbon_and_Captivity-3.jpg\" alt=\"\" class=\"wp-image-1384\" width=\"700\" height=\"394\"\/><figcaption>\u201cCarbon and Captivity\u201d, still &#8211; <a href=\"http:\/\/www.ressler.at\" target=\"_blank\" rel=\"noopener\">www.ressler.at<\/a><\/figcaption><\/figure><\/div>\n\n\n\n<p>Oliver Resler je dobro poznat i beogradskoj publici. Tokom januara i februara 2020. godine, u galeriji Podroom Kulturnog centra Beograd, odr\u017eana je izlo\u017eba \u201eOkupljanje oko olupine\u201c, gde su prikazani radovi ovog autora koji se bave globalnim zagrevanjem. Kustos izlo\u017ebe bio je Dejan Vasi\u0107.&nbsp;<\/p>\n\n\n\n<figure class=\"wp-block-image size-large\"><img decoding=\"async\" width=\"25\" height=\"25\" data-src=\"https:\/\/artandscience.rs\/novi\/wp-content\/uploads\/2023\/10\/The_economy_is_wounded_Donau_Ausschnitt-2-1024x729.jpg\" alt=\"\" class=\"wp-image-1386 lazyload\" src=\"data:image\/svg+xml;base64,PHN2ZyB3aWR0aD0iMSIgaGVpZ2h0PSIxIiB4bWxucz0iaHR0cDovL3d3dy53My5vcmcvMjAwMC9zdmciPjwvc3ZnPg==\" style=\"--smush-placeholder-width: 25px; --smush-placeholder-aspect-ratio: 25\/25;\" \/><figcaption>\u201cThe economy is wounded \u2013 let it die!\u201d, digitalni print, 2016 (detail) &#8211; <a href=\"http:\/\/www.ressler.at\" target=\"_blank\" rel=\"noopener\">www.ressler.at<\/a><\/figcaption><\/figure>\n\n\n\n<p>Oliver Resler se kroz svoje video-radove fokusira na uspe\u0161ne oblike masovne gra\u0111anske neposlu\u0161nosti prikazuju\u0107i direktne akcije pokreta za klimatsku pravdu, spajaju\u0107i razli\u010dite kontekste, situacije i ljude. Filmovi ovog autora pokazuju kako se protestima, ali i alternativnim na\u010dinom \u017eivota i organizovanja, mo\u017ee suprotstaviti aktivnostima korporacija i vlada koje su pogubne po klimu.<br><\/p>\n\n\n\n<p>Vi\u0161e o autoru <a href=\"http:\/\/www.ressler.at\" target=\"_blank\" rel=\"noopener\">www.ressler.at<\/a><\/p>","protected":false},"excerpt":{"rendered":"<p>Austrijski umetnik, reditelj i ekolo\u0161ki aktivista&nbsp;Oliver Resler&nbsp;se skoro dvadeset godina bavi pitanjima klimatske krize i klimatske pravde. Pro\u0161log meseca zatvorena je velika izlo\u017eba Olivera Reslera u Muzeju savremene umetnosti u Zagrebu. Austrijski umetnik, reditelj i ekolo\u0161ki aktivista&nbsp;Oliver Resler&nbsp;se skoro dvadeset godina bavi pitanjima klimatske krize i klimatske pravde. Njegove umetni\u010dke instalacije, intervencije u javnom prostoru [&hellip;]<\/p>\n","protected":false},"author":1,"featured_media":1892,"comment_status":"open","ping_status":"open","sticky":false,"template":"","format":"standard","meta":{"_acf_changed":false,"footnotes":""},"categories":[18,10],"tags":[],"class_list":["post-1887","post","type-post","status-publish","format-standard","has-post-thumbnail","hentry","category-klima","category-nauka"],"acf":[],"featured_image_src":"https:\/\/artandscience.rs\/wp-content\/uploads\/2023\/10\/Carbon_and_Captivity-3-1.jpg","author_info":{"display_name":"Branislav","author_link":"https:\/\/artandscience.rs\/en\/author\/branislav\/"},"_links":{"self":[{"href":"https:\/\/artandscience.rs\/en\/wp-json\/wp\/v2\/posts\/1887","targetHints":{"allow":["GET"]}}],"collection":[{"href":"https:\/\/artandscience.rs\/en\/wp-json\/wp\/v2\/posts"}],"about":[{"href":"https:\/\/artandscience.rs\/en\/wp-json\/wp\/v2\/types\/post"}],"author":[{"embeddable":true,"href":"https:\/\/artandscience.rs\/en\/wp-json\/wp\/v2\/users\/1"}],"replies":[{"embeddable":true,"href":"https:\/\/artandscience.rs\/en\/wp-json\/wp\/v2\/comments?post=1887"}],"version-history":[{"count":1,"href":"https:\/\/artandscience.rs\/en\/wp-json\/wp\/v2\/posts\/1887\/revisions"}],"predecessor-version":[{"id":1891,"href":"https:\/\/artandscience.rs\/en\/wp-json\/wp\/v2\/posts\/1887\/revisions\/1891"}],"wp:featuredmedia":[{"embeddable":true,"href":"https:\/\/artandscience.rs\/en\/wp-json\/wp\/v2\/media\/1892"}],"wp:attachment":[{"href":"https:\/\/artandscience.rs\/en\/wp-json\/wp\/v2\/media?parent=1887"}],"wp:term":[{"taxonomy":"category","embeddable":true,"href":"https:\/\/artandscience.rs\/en\/wp-json\/wp\/v2\/categories?post=1887"},{"taxonomy":"post_tag","embeddable":true,"href":"https:\/\/artandscience.rs\/en\/wp-json\/wp\/v2\/tags?post=1887"}],"curies":[{"name":"wp","href":"https:\/\/api.w.org\/{rel}","templated":true}]}}