{"id":2088,"date":"2022-12-30T10:36:34","date_gmt":"2022-12-30T10:36:34","guid":{"rendered":"https:\/\/artandscience.rs\/novi\/najava-artscience-aktivnosti-u-2023\/"},"modified":"2023-10-16T13:26:16","modified_gmt":"2023-10-16T13:26:16","slug":"najava-artscience-aktivnosti-u-2023","status":"publish","type":"post","link":"https:\/\/artandscience.rs\/en\/2088\/","title":{"rendered":"Najava art+science aktivnosti u 2023."},"content":{"rendered":"<p>Drage saradnice i dragi saradnici,<\/p>\n\n\n\n<p>Hvala \u0161to nas ve\u0107 nekoliko godina pratite kroz pri\u010de u kojima se sre\u0107u nauka i umetnost. Uz va\u0161u podr\u0161ku, prethodnih godina razvijali smo radove, organizovali izlo\u017ebe, u\u010dili i sticali iskustvo u ovoj oblasti. U 2023. godini pripremamo nove sadr\u017eaje i \u017eelimo da vas inspiri\u0161emo da nam se ponovo pridru\u017eite, jer su nam razmene sa vama dragocene.<\/p>\n\n\n\n<p><br>Centar za promociju nauke u 2023. nastavlja da organizuje brojne aktivnosti koje povezuju nauku i umetnost i koje komuniciraju nau\u010dne i tehnolo\u0161ke teme i njihov uticaj na dru\u0161tvo i \u017eivotnu sredinu. Kroz saradnju umetnosti i nauke sti\u010demo uvid i predstavljamo vrednosti i znanja koja nastaju kao rezultat ovakvog pristupa. Kulminacija ovihaktivnosti u 2023. godini bi\u0107e&nbsp;<strong>osma&nbsp;<\/strong><em><strong>art+science<\/strong><\/em><strong>&nbsp;manifestacija<\/strong>. Ona \u0107e se odr\u017eati krajem septembra i tokom oktobra u Beogradu.<\/p>\n\n\n\n<h2 class=\"wp-block-heading\">Najava&nbsp;<em>art+science<\/em>&nbsp;aktivnosti u 2023.<\/h2>\n\n\n\n<p>Center for the Promotion of Science&nbsp;<strong>objavi\u0107e poziv za predloge umetni\u010dko-istra\u017eiva\u010dkih projekata u januaru 2023. godine<\/strong>. Autorke i autori \u0107e raditi na razvoju i produkciji umetni\u010dkog rada zajedno sa saradnicama i saradnicima i timom Centra za promociju nauke, od marta do septembra 2023. godine.&nbsp;<strong>Odabrani rad bi\u0107e predstavljen na&nbsp;<\/strong><em><strong>art+science<\/strong><\/em><strong>&nbsp;izlo\u017ebi u oktobru, u Beogradu.<\/strong><\/p>\n\n\n\n<p>Fokus programa bi\u0107e istra\u017eivanje efekta propagacije&nbsp;<strong>promena kroz razli\u010dite oblasti<\/strong>.<\/p>\n\n\n\n<p>U istoriji nauke \u010desto nalazimo primere naglih i revolucionarnih promena u razumevanju sveta. Razvoj Kopernikovog heliocentri\u010dnog sistema promenio je dotad vladaju\u0107u teoriju da Sunce kru\u017ei oko Zemlje. Zahvaljuju\u0107i Ajn\u0161tajnovoj teoriji relativnosti promenjeno je shvatanje prostora i vremena, ne samo u fizici, ve\u0107 i mnogo \u0161ire.<\/p>\n\n\n\n<p>U po\u010detku ove promene prime\u0107ujemo kao devijacije, anomalije ili odre\u0111eni problem. Vremenom, broj i efekat tih anomalija postaje sve ve\u0107i, i dolazi do krize ustaljenih veza u sistemu va\u017ee\u0107e nau\u010dne teorije. U ovoj fazi vi\u0161e nema povratka nazad i uspostavlja se novo stabilno stanje. Doga\u0111a se promena. Tomas Kun je to nazvao promenom paradigme (<em>paradigm shift<\/em>).<\/p>\n\n\n\n<p>Pozivamo vas da zamislite, opi\u0161ete ili kriti\u010dki sagledate promene koje imaju efekat talasa i koje se prelivaju iz jedne oblasti u drugu, da pribli\u017eite publici veze velikih promena u nauci, dru\u0161tvu, kulturi, tehnologiji, \u017eivotnoj sredini, identitetima, vrednostima, i znanju.<\/p>\n\n\n\n<p><strong>Poziv \u0107e biti otvoren polovinom januara 2023. godine&nbsp;<\/strong>za sve aktere kojima je tema promena va\u017ena i podsticajna. Saradnja je jedan od osnovnih kriterijuma&nbsp;<em>art+science<\/em>&nbsp;programa, te bismo voleli da se na otvoreni poziv prijave autorski timovi, ali su dobrodo\u0161li i predlozi pojedina\u010dnih autorki i autora.<\/p>\n\n\n\n<figure class=\"wp-block-image size-large\"><img decoding=\"async\" data-src=\"https:\/\/artandscience.rs\/novi\/wp-content\/uploads\/2023\/10\/artscience-2022-radionica-1024x683.jpg\" alt=\"\" class=\"wp-image-1840 lazyload\" src=\"data:image\/svg+xml;base64,PHN2ZyB3aWR0aD0iMSIgaGVpZ2h0PSIxIiB4bWxucz0iaHR0cDovL3d3dy53My5vcmcvMjAwMC9zdmciPjwvc3ZnPg==\" style=\"--smush-placeholder-width: 1024px; --smush-placeholder-aspect-ratio: 1024\/683;\" \/><figcaption class=\"wp-element-caption\">foto: Vladimir Jani\u0107<br>EkOtisak radionica, art+science 2022<\/figcaption><\/figure>\n\n\n\n<p><strong>O\u010dekuje se da predlozi projekata odgovore na temu poziva, a mogu biti predstavljeni kroz najrazli\u010ditije formate i pristupe.<\/strong><\/p>\n\n\n\n<p><strong>Krajem februara \u017eiri \u0107e odabrati predloge koji \u0107e u\u0107i u u\u017ei izbor. Objavljivanje kona\u010dnih rezultata Otvorenog poziva o\u010dekuje se u prvoj polovini marta 2023. Bud\u017eet za projekat \u0107e uklju\u010divati autorske honorare, produkciju, promociju i izlaganje rada na&nbsp;<\/strong><em><strong>art+science<\/strong><\/em><strong>&nbsp;izlo\u017ebi u 2023. godini.<\/strong><\/p>\n\n\n\n<p>Projekat \u0107e biti razvijen u saradnji sa timom CPN-a, autorke i autori \u0107e kriti\u010dki istra\u017eivati temu, raditi na razvoju inicijalne ideje i produkciji umetni\u010dkog rada. Proces izrade pobedni\u010dkog rada uklju\u010duje i prate\u0107e doga\u0111aje, kao \u0161to su radionice, panel-diskusije, posete nau\u010dnim i kulturnim institucijama i organizacijama. Rezultat ovog poziva bi\u0107e deo&nbsp;<em>art+science<\/em>&nbsp;izlo\u017ebe tokom septembra i oktobra.<\/p>\n\n\n\n<p>Na&nbsp;<a href=\"https:\/\/cpn.us20.list-manage.com\/track\/click?u=82044b6bb6d5dcb998e59e9fd&amp;id=893287910a&amp;e=7253ea06df\" target=\"_blank\" rel=\"noreferrer noopener\">link<\/a>&nbsp;mo\u017eete pogledati radove koji su nastali prethodnih godina u okviru CPN&nbsp;<em>art+science<\/em>&nbsp;programa.<\/p>\n\n\n\n<p><strong>O&nbsp;<\/strong><em><strong>art+science<\/strong><\/em><strong>&nbsp;programu Centra za promociju nauke<\/strong><\/p>\n\n\n\n<p>Centar za promociju nauke po\u010deo je da inicira, razvija i pru\u017ea podr\u0161ku razli\u010ditim aktivnostima koje spajaju umetnost i nauku jo\u0161 2014. godine kroz svoje u\u010de\u0161\u0107e u globalnom projektu Evropska mre\u017ea digitalne umetnosti i nauke (<em>European Digital Art and Science Network<\/em>). Kao \u010dlan mre\u017ee, Centar je doprineo oblikovanju prve odr\u017eive, \u017eive mre\u017ee, koja mo\u017ee da okupi i podr\u017ei saradnju kreativnih umova koji dolaze iz sfera umetnosti i nauke.<\/p>\n\n\n\n<p>Kroz ovaj projekat pokrenuta je godi\u0161nja manifestacija&nbsp;<em>art+science,<\/em>&nbsp;koja se u kontinuitetu odr\u017eava od 2016. godine, i koja je zadr\u017eala me\u0111unarodni karakter.<\/p>\n\n\n\n<figure class=\"wp-block-image size-large\"><img decoding=\"async\" data-src=\"https:\/\/artandscience.rs\/novi\/wp-content\/uploads\/2023\/10\/artscience2021_AI-1024x576.jpg\" alt=\"\" class=\"wp-image-498 lazyload\" src=\"data:image\/svg+xml;base64,PHN2ZyB3aWR0aD0iMSIgaGVpZ2h0PSIxIiB4bWxucz0iaHR0cDovL3d3dy53My5vcmcvMjAwMC9zdmciPjwvc3ZnPg==\" style=\"--smush-placeholder-width: 1024px; --smush-placeholder-aspect-ratio: 1024\/576;\" \/><figcaption class=\"wp-element-caption\">AI\/VI, art+science 2022<\/figcaption><\/figure>\n\n\n\n<h2 class=\"wp-block-heading\">\u0160ta \u0107emo jo\u0161 raditi tokom 2023. godine?<\/h2>\n\n\n\n<p>\u017delimo da vas upoznamo sa projektima koji \u0107e biti aktuelni tokom naredne godine. Neke od aktivnosti u okviru ovih projekata bi\u0107e deo&nbsp;<em>art+science<\/em>&nbsp;programa CPN-a.<\/p>\n\n\n\n<p><strong>European Digital Deal&nbsp;<\/strong>(<em><strong>A European Digital Deal<\/strong><\/em><strong>)<\/strong><\/p>\n\n\n\n<p>Projekat Evropski digitalni dogovor (<em>EUDigitalDeal<\/em>) istra\u017euje kako ubrzani procesi digitalne transformacije i uspon najsavremenijih tehnologija, kao \u0161to su ve\u0161ta\u010dka inteligencija, ma\u0161insko u\u010denje, blok\u010dejn i algoritamska obrada podataka direktno uti\u010du na evropske demokratske vrednosti i integritet na\u0161ih demokratskih sistema. Mre\u017ea evropskih i globalnih partnera koju \u010dine akteri iz kulturnog sektora, umetnici, kreativci, istra\u017eiva\u010di, nau\u010dne institucije i predstavnici javnog sektora okupljaju se da istra\u017ee kako umetni\u010dke perspektive mogu delovati kao katalizatori za odr\u017eive inovacije. Od 1. januara 2023. godine, pa tokom slede\u0107e tri godine, ovim pitanjima \u0107e se baviti konzorcijum od 13 partnera pod rukovodstvom Ars elektronike iz Linca, Austrija.<\/p>\n\n\n\n<p><a href=\"https:\/\/cpn.us20.list-manage.com\/track\/click?u=82044b6bb6d5dcb998e59e9fd&amp;id=122526b73a&amp;e=7253ea06df\" target=\"_blank\" rel=\"noreferrer noopener\"><strong>Climateurope2 project<\/strong><\/a><\/p>\n\n\n\n<p>Projekat&nbsp;<em>Climateurope2 project<\/em>&nbsp;bavi se klimatskim servisima koji nam omogu\u0107avaju da klimatske podatke koristimo za informisano dono\u0161enje odluka kako bismo smanjili odre\u0111ene rizike i iskoristili mogu\u0107nosti za bolju adaptaciju na klimatske promene. Aktivnosti Centra u ovom projektu uklju\u010duju javne programe posve\u0107ene klimatskim istra\u017eivanjima u 10 zemalja Jugoisto\u010dne Evrope. U okviru projekta \u0107e biti prikazani i umetni\u010dko-nau\u010dni, interdisciplinarni projekti kreirani kroz javne pozive za saradnju umetnika i nau\u010dnika uz kori\u0161\u0107enje klimatskih servisa.&nbsp;<strong>Prvi od ovih poziva bi\u0107e otvoren tokom septembra 2023. godine.<\/strong><\/p>\n\n\n\n<p><a href=\"https:\/\/cpn.us20.list-manage.com\/track\/click?u=82044b6bb6d5dcb998e59e9fd&amp;id=11166c0a6e&amp;e=7253ea06df\" target=\"_blank\" rel=\"noreferrer noopener\"><strong>Evropska no\u0107 istra\u017eiva\u010da \u2013 ReFocuS Art<\/strong><\/a><\/p>\n\n\n\n<p>Ove godine Evropska no\u0107 istra\u017eiva\u010da, inspirisana konceptom uli\u010dne umetnosti, omogu\u0107i\u0107e umetnicima i istra\u017eiva\u010dima da kroz javne prostore dopru do mnogo \u0161ire publike nego \u0161to im to dozvoljavaju laboratorije i ateljei. Aktivnosti \u0107e se odvijati u 13 gradova na 46 razli\u010ditih pozornica \u0161irom Srbije, uklju\u010duju\u0107i gradske trgove, ulice, istra\u017eiva\u010dke institute, muzeje, gradske parkove i biblioteke. Centralni doga\u0111aj Evropske no\u0107i istra\u017eiva\u010da \u0107e se u 2023. godini odr\u017eati u petak, 29. septembra, kako u Srbiji tako i \u0161irom Evrope.<\/p>\n\n\n\n<figure class=\"wp-block-image size-large\"><img decoding=\"async\" data-src=\"https:\/\/artandscience.rs\/novi\/wp-content\/uploads\/2023\/10\/noc_istrazivaca_2019_02-1024x683.jpeg\" alt=\"\" class=\"wp-image-1841 lazyload\" src=\"data:image\/svg+xml;base64,PHN2ZyB3aWR0aD0iMSIgaGVpZ2h0PSIxIiB4bWxucz0iaHR0cDovL3d3dy53My5vcmcvMjAwMC9zdmciPjwvc3ZnPg==\" style=\"--smush-placeholder-width: 1024px; --smush-placeholder-aspect-ratio: 1024\/683;\" \/><figcaption class=\"wp-element-caption\">foto: Marko Risovi\u0107<br>Evropska no\u0107 istra\u017eiva\u010da 2019<\/figcaption><\/figure>","protected":false},"excerpt":{"rendered":"<p>Drage saradnice i dragi saradnici, Hvala \u0161to nas ve\u0107 nekoliko godina pratite kroz pri\u010de u kojima se sre\u0107u nauka i umetnost. Uz va\u0161u podr\u0161ku, prethodnih godina razvijali smo radove, organizovali izlo\u017ebe, u\u010dili i sticali iskustvo u ovoj oblasti. U 2023. godini pripremamo nove sadr\u017eaje i \u017eelimo da vas inspiri\u0161emo da nam se ponovo pridru\u017eite, jer [&hellip;]<\/p>\n","protected":false},"author":1,"featured_media":1603,"comment_status":"open","ping_status":"open","sticky":false,"template":"","format":"standard","meta":{"_acf_changed":false,"footnotes":""},"categories":[22],"tags":[],"class_list":["post-2088","post","type-post","status-publish","format-standard","has-post-thumbnail","hentry","category-as-2023"],"acf":[],"featured_image_src":"https:\/\/artandscience.rs\/wp-content\/uploads\/2023\/10\/50535533818_7006da4d44_k.jpg","author_info":{"display_name":"Branislav","author_link":"https:\/\/artandscience.rs\/en\/author\/branislav\/"},"_links":{"self":[{"href":"https:\/\/artandscience.rs\/en\/wp-json\/wp\/v2\/posts\/2088","targetHints":{"allow":["GET"]}}],"collection":[{"href":"https:\/\/artandscience.rs\/en\/wp-json\/wp\/v2\/posts"}],"about":[{"href":"https:\/\/artandscience.rs\/en\/wp-json\/wp\/v2\/types\/post"}],"author":[{"embeddable":true,"href":"https:\/\/artandscience.rs\/en\/wp-json\/wp\/v2\/users\/1"}],"replies":[{"embeddable":true,"href":"https:\/\/artandscience.rs\/en\/wp-json\/wp\/v2\/comments?post=2088"}],"version-history":[{"count":1,"href":"https:\/\/artandscience.rs\/en\/wp-json\/wp\/v2\/posts\/2088\/revisions"}],"predecessor-version":[{"id":2091,"href":"https:\/\/artandscience.rs\/en\/wp-json\/wp\/v2\/posts\/2088\/revisions\/2091"}],"wp:featuredmedia":[{"embeddable":true,"href":"https:\/\/artandscience.rs\/en\/wp-json\/wp\/v2\/media\/1603"}],"wp:attachment":[{"href":"https:\/\/artandscience.rs\/en\/wp-json\/wp\/v2\/media?parent=2088"}],"wp:term":[{"taxonomy":"category","embeddable":true,"href":"https:\/\/artandscience.rs\/en\/wp-json\/wp\/v2\/categories?post=2088"},{"taxonomy":"post_tag","embeddable":true,"href":"https:\/\/artandscience.rs\/en\/wp-json\/wp\/v2\/tags?post=2088"}],"curies":[{"name":"wp","href":"https:\/\/api.w.org\/{rel}","templated":true}]}}