{"id":4161,"date":"2025-02-09T19:28:31","date_gmt":"2025-02-09T19:28:31","guid":{"rendered":"https:\/\/artandscience.rs\/?p=4161"},"modified":"2025-02-09T20:03:25","modified_gmt":"2025-02-09T20:03:25","slug":"otvoren-poziv-za-umetnicku-rezidenciju-ecological-futures","status":"publish","type":"post","link":"https:\/\/artandscience.rs\/en\/4161\/","title":{"rendered":"Otvoren poziv za umetni\u010dku rezidenciju Ecological Futures"},"content":{"rendered":"<p>Galaksija KIKK, u saradnji sa Kreativnim \u010dvori\u0161tem TRAKK i Kulturnim centrom CCN\/Namur, raspisuje konkurs za umetni\u010dku rezidenciju sa temom <strong>Ecological Futures<\/strong>. Program je namenjen vizuelnim umetnicima koji istra\u017euju spoj umetnosti, nauke i tehnologije kroz inovativne i interdisciplinarne projekte.<\/p>\n\n\n\n<p>Dvoje umetnika ili umetni\u010dka kolektiva \u2013 jedan me\u0111unarodni i jedan iz Valonsko-Briselske federacije (Brisel ili Valonija) \u2013 dobi\u0107e priliku da razvije svoje projekte u oblasti umetnosti novih medija. <\/p>\n\n\n\n<p><strong>Rezidencija traje od 5. do 30. maja 2025. godine<\/strong>, a umetnici \u0107e biti sme\u0161teni u Centre Culturel des Abattoirs de Bomel, koji nudi inspirativno okru\u017eenje i vrhunske tehni\u010dke uslove za rad.<\/p>\n\n\n\n<figure class=\"wp-block-image size-full\"><img fetchpriority=\"high\" decoding=\"async\" width=\"1024\" height=\"684\" src=\"https:\/\/artandscience.rs\/wp-content\/uploads\/2025\/02\/2.jpeg\" alt=\"\" class=\"wp-image-4164\" srcset=\"https:\/\/artandscience.rs\/wp-content\/uploads\/2025\/02\/2.jpeg 1024w, https:\/\/artandscience.rs\/wp-content\/uploads\/2025\/02\/2-300x200.jpeg 300w, https:\/\/artandscience.rs\/wp-content\/uploads\/2025\/02\/2-768x513.jpeg 768w, https:\/\/artandscience.rs\/wp-content\/uploads\/2025\/02\/2-18x12.jpeg 18w\" sizes=\"(max-width: 1024px) 100vw, 1024px\" \/><figcaption class=\"wp-element-caption\"><em>Izlo\u017ebeni prostor CCN\/Cultural Center Namur<\/em><\/figcaption><\/figure>\n\n\n\n<p><strong>Uslovi u\u010de\u0161\u0107a<\/strong><\/p>\n\n\n\n<p>Svaki rezident dobi\u0107e grant od <strong>5000 evra<\/strong>, \u0161to uklju\u010duje tro\u0161kove materijala, hrane i putovanja, a bi\u0107e im obezbe\u0111en i sme\u0161taj u moderno opremljenim garsonerama.<\/p>\n\n\n\n<p>Uz finansijsku podr\u0161ku, umetnicima \u0107e biti omogu\u0107en i pristup specijalizovanim alatima i laboratorijama, uklju\u010duju\u0107i:<br>\u2705 <strong>Fab Lab<\/strong> \u2013 3D \u0161tampa\u010di, laserski reza\u010di, elektronska oprema, alati za obradu drveta i metala.<br>\u2705 <strong>Medialab<\/strong> \u2013 VR slu\u0161alice, binauralni mikrofoni, odela za snimanje pokreta, ra\u010dunari optimizovani za digitalnu umetnost.<br>\u2705 <strong>CCN radionice<\/strong> \u2013 prostor za obradu razli\u010ditih materijala, uz tehni\u010dku asistenciju stru\u010dnjaka.<\/p>\n\n\n\n<p>Osim rada na sopstvenim projektima, odabrani rezidenti ima\u0107e priliku da predstave svoje istra\u017eivanje javnosti kroz radionice, predavanja ili diskusije. Najuspe\u0161niji radovi mogu biti predstavljeni i na presti\u017enim doga\u0111ajima, poput <strong>KIKK festivala <\/strong>ili<strong> Le Pavillon izlo\u017ebe<\/strong>.<\/p>\n\n\n\n<p><strong>Poziv je otvoren isklju\u010divo za vizuelne umetnike koji rade u slede\u0107im oblastima:<\/strong><br>\ud83c\udfa8 Generativna i AI umetnost<br>\ud83d\udcca Vizuelizacija podataka i sonifikacija<br>\ud83e\uddec Bioumetnost i biotehnolo\u0161ke inovacije<br>\ud83d\udd2e Interaktivne i impresivne instalacije<br>\u2699 Algoritamska, kineti\u010dka umetnost i robotika<br>\ud83d\udd76 XR (VR, AR, MR) projekti<\/p>\n\n\n\n<p><strong>Rok za prijavu<\/strong><\/p>\n\n\n\n<p>Prijave su otvorene do <strong>8. marta 2025. godine<\/strong>, a zainteresovani umetnici mogu se prijaviti popunjavanjem <a href=\"https:\/\/airtable.com\/appBKajWzI7Jo33Ab\/shrZ7vN2aU4qD4lom\" data-type=\"link\" data-id=\"https:\/\/airtable.com\/appBKajWzI7Jo33Ab\/shrZ7vN2aU4qD4lom\" target=\"_blank\" rel=\"noopener\">obrasca.<\/a><\/p>\n\n\n\n<p>Izabrani umetnici bi\u0107e obave\u0161teni do kraja maja.<br>Za dodatne informacije, mo\u017eete kontaktirati <strong><a href=\"mailto:marie.dg@kikk.be\">marie.dg@kikk.be<\/a><\/strong>.<\/p>\n\n\n\n<p>Za vi\u0161e informacija posetite zvani\u010dni sajt <a href=\"https:\/\/galaxy.kikk.be\/en\/news\/ecologicalfutures2025-7xext-pw7ld\" data-type=\"link\" data-id=\"https:\/\/galaxy.kikk.be\/en\/news\/ecologicalfutures2025-7xext-pw7ld\" target=\"_blank\" rel=\"noopener\"><strong>Galaksije KIKK<\/strong>.<\/a><\/p>\n\n\n\n<p><\/p>","protected":false},"excerpt":{"rendered":"<p>Galaksija KIKK, u saradnji sa Kreativnim \u010dvori\u0161tem TRAKK i Kulturnim centrom CCN\/Namur, raspisuje konkurs za umetni\u010dku rezidenciju sa temom Ecological Futures. Program je namenjen vizuelnim umetnicima koji istra\u017euju spoj umetnosti, nauke i tehnologije kroz inovativne i interdisciplinarne projekte. Dvoje umetnika ili umetni\u010dka kolektiva \u2013 jedan me\u0111unarodni i jedan iz Valonsko-Briselske federacije (Brisel ili Valonija) \u2013 [&hellip;]<\/p>\n","protected":false},"author":4,"featured_media":4162,"comment_status":"closed","ping_status":"closed","sticky":false,"template":"","format":"standard","meta":{"_acf_changed":false,"footnotes":""},"categories":[177,265],"tags":[],"class_list":["post-4161","post","type-post","status-publish","format-standard","has-post-thumbnail","hentry","category-pozivi-mogucnosti","category-rezidencije"],"acf":[],"featured_image_src":"https:\/\/artandscience.rs\/wp-content\/uploads\/2025\/02\/1.jpeg","author_info":{"display_name":"Ivana Smolovic","author_link":"https:\/\/artandscience.rs\/en\/author\/ismolovic\/"},"_links":{"self":[{"href":"https:\/\/artandscience.rs\/en\/wp-json\/wp\/v2\/posts\/4161","targetHints":{"allow":["GET"]}}],"collection":[{"href":"https:\/\/artandscience.rs\/en\/wp-json\/wp\/v2\/posts"}],"about":[{"href":"https:\/\/artandscience.rs\/en\/wp-json\/wp\/v2\/types\/post"}],"author":[{"embeddable":true,"href":"https:\/\/artandscience.rs\/en\/wp-json\/wp\/v2\/users\/4"}],"replies":[{"embeddable":true,"href":"https:\/\/artandscience.rs\/en\/wp-json\/wp\/v2\/comments?post=4161"}],"version-history":[{"count":3,"href":"https:\/\/artandscience.rs\/en\/wp-json\/wp\/v2\/posts\/4161\/revisions"}],"predecessor-version":[{"id":4175,"href":"https:\/\/artandscience.rs\/en\/wp-json\/wp\/v2\/posts\/4161\/revisions\/4175"}],"wp:featuredmedia":[{"embeddable":true,"href":"https:\/\/artandscience.rs\/en\/wp-json\/wp\/v2\/media\/4162"}],"wp:attachment":[{"href":"https:\/\/artandscience.rs\/en\/wp-json\/wp\/v2\/media?parent=4161"}],"wp:term":[{"taxonomy":"category","embeddable":true,"href":"https:\/\/artandscience.rs\/en\/wp-json\/wp\/v2\/categories?post=4161"},{"taxonomy":"post_tag","embeddable":true,"href":"https:\/\/artandscience.rs\/en\/wp-json\/wp\/v2\/tags?post=4161"}],"curies":[{"name":"wp","href":"https:\/\/api.w.org\/{rel}","templated":true}]}}