{"id":4238,"date":"2025-02-28T12:17:03","date_gmt":"2025-02-28T12:17:03","guid":{"rendered":"https:\/\/artandscience.rs\/?p=4238"},"modified":"2025-05-06T14:29:33","modified_gmt":"2025-05-06T14:29:33","slug":"stajanje-na-ivici-neceg-velicanstvenog","status":"publish","type":"post","link":"https:\/\/artandscience.rs\/en\/4238\/","title":{"rendered":"Stajanje na ivici ne\u010deg veli\u010danstvenog"},"content":{"rendered":"<p><strong>\u201eNe bih rekao da je \u2018o\u010duvanje\u2018 pravi izraz koji treba da koristimo kada govorimo o industrijskom nasle\u0111u. Mislim da je va\u017enije reinterpretirati i osmisliti nove na\u010dine kori\u0161\u0107enja ovih gra\u0111evina, umesto da ih pustimo da jednostavno izblede u zaborav. One ne moraju ostati zamrznute u vremenu \u2013 mogu dobiti novu svrhu\u201c<\/strong><\/p>\n\n\n\n<p><em>Razgovarao: \u0110or\u0111e Petrovi\u0107<\/em><\/p>\n\n\n\n<p>Mali slovena\u010dki grad Trbovlje poznat je po tome \u0161to je u njemu nastao kultni indastrijal rok bend \u2013 Lajbah. Ali ovaj, nekada prvenstveno rudarski gradi\u0107 tako\u0111e je poznat po jo\u0161 ne\u010demu \u2013 najvi\u0161em dimnjaku u Evropi. Ova veli\u010danstvena gra\u0111evina \u2013 sagra\u0111ena 1976. u sklopu termoelektrane Trbovlje, na nasipu reke Save \u2013 dosti\u017ee visinu od impozantnih 360 metara! Sa njegovog vrha pru\u017ea se bo\u017eanstven pogled na predivne zelene gore i brda slovena\u010dkog Zasavlja. Me\u0111utim, nakon ga\u0161enja termoelektrane 2016. godine, ovaj simbol Trbovlja postao je preskup za odr\u017eavanje, pa samim tim i pretnja po bezbednost. Danas \u010deka novu namenu.<\/p>\n\n\n\n<p>Kako bi istra\u017eio inovativne i interdisciplinarne pristupe u promociji o\u010duvanja i za\u0161tite nepokretne kulturne ba\u0161tine, me\u0111unarodni projekat&nbsp;<em>FASIH (Future Art Science Industrial Heritage)<\/em>, kojim koordinira Centar za promociju nauke, raspisao je javni poziv za umetnike i istra\u017eiva\u010de. Jedan od dobitnika ovog poziva je projekat&nbsp;<em>VRT P.T.I.C.H \u2013 Visions of Rapid Transformations: Perception Through Immersive Cinematic Hyperreality<\/em>, u produkciji Delavskog doma iz Trbovlja, koji uz pomo\u0107 VR metoda i savremene tehnologije istra\u017euje industrijsko nasle\u0111e nekada\u0161nje termocentrale Trbovlje. Ovaj rad posetioci \u0107e mo\u0107i da vide na izlo\u017ebi&nbsp;<em>FASIH<\/em>&nbsp;projekata, koja \u0107e 22. maja biti otvorena u Delavskom domu Trbovlje.<\/p>\n\n\n\n<div class=\"wp-block-media-text is-stacked-on-mobile\" style=\"grid-template-columns:33% auto\"><figure class=\"wp-block-media-text__media\"><img fetchpriority=\"high\" decoding=\"async\" width=\"910\" height=\"1024\" src=\"https:\/\/artandscience.rs\/wp-content\/uploads\/2025\/03\/Foto-1-scaled-e1740998727561-910x1024.jpg\" alt=\"\" class=\"wp-image-4239 size-full\" srcset=\"https:\/\/artandscience.rs\/wp-content\/uploads\/2025\/03\/Foto-1-scaled-e1740998727561-910x1024.jpg 910w, https:\/\/artandscience.rs\/wp-content\/uploads\/2025\/03\/Foto-1-scaled-e1740998727561-267x300.jpg 267w, https:\/\/artandscience.rs\/wp-content\/uploads\/2025\/03\/Foto-1-scaled-e1740998727561-768x864.jpg 768w, https:\/\/artandscience.rs\/wp-content\/uploads\/2025\/03\/Foto-1-scaled-e1740998727561-1366x1536.jpg 1366w, https:\/\/artandscience.rs\/wp-content\/uploads\/2025\/03\/Foto-1-scaled-e1740998727561-11x12.jpg 11w, https:\/\/artandscience.rs\/wp-content\/uploads\/2025\/03\/Foto-1-scaled-e1740998727561.jpg 1707w\" sizes=\"(max-width: 910px) 100vw, 910px\" \/><\/figure><div class=\"wp-block-media-text__content\">\n<div class=\"wp-block-group is-nowrap is-layout-flex wp-container-core-group-is-layout-6c531013 wp-block-group-is-layout-flex\">\n<p>Autor ovog projekta je \u017diga Pavlovi\u010d (alijas Darian Medved), slovena\u010dki umetnik, programer i promoter novih tehnologija. Ve\u0107ina njegovog rada odnosi se na oblast virtuelne (VR), pro\u0161irene (AR) i me\u0161ovite stvarnosti (MR), a od 2019. godine i na oblast prakti\u010dne ve\u0161ta\u010dke inteligencije, \u201eafektivnog ra\u010dunarstva\u201c i interaktivnih instalacija. Od aprila 2020. vodi novu digitalnu laboratoriju <em>KIBLA2LAB<\/em> u okviru mre\u017ee istra\u017eiva\u010dkih i umetni\u010dkih centara \u2013 <em>RUK<\/em>.<\/p>\n<\/div>\n\n\n\n<div style=\"height:15px\" aria-hidden=\"true\" class=\"wp-block-spacer\"><\/div>\n\n\n\n<p>Povodom predstoje\u0107e FASIH izlo\u017ebe, sa Pavlovi\u010dem smo razgovarali o njegovom umetni\u010dkom projektu, visokoj tehnologiji koju koristi, na\u010dinu na koji reinterpretira industrijsko nasle\u0111e Trbovlja, kao i o njegovoj digitalnoj laboratoriji.&nbsp;&nbsp; &nbsp;&nbsp;&nbsp;&nbsp;<\/p>\n<\/div><\/div>\n\n\n\n<div style=\"height:20px\" aria-hidden=\"true\" class=\"wp-block-spacer\"><\/div>\n\n\n\n<p><strong>\u010cime se bavi va\u0161 projekat <a><em>VRT P.T.I.C.H \u2013 Visions of Rapid Transformations: Perception Through Immersive Cinematic Hyperreality<\/em><\/a>?<\/strong><\/p>\n\n\n\n<p>Ovaj projekat je potpuno posve\u0107en imerziji \u2013 ne samo vizuelnoj, ve\u0107 i fizi\u010dkoj. \u017deleo sam da kreiram iskustvo u kojem ljudi ne samo da vide VR, ve\u0107 ga zaista ose\u0107aju. Klju\u010dnu ulogu imaju interakcije rukama, koje povezuju realni i virtuelni svet na taktilan i utelovljen na\u010din.<\/p>\n\n\n\n<p>Sam dimnjak u Trbovlju je gotovo mitska, fascinantna struktura \u2013 od hrabrih penja\u010da do zadivljuju\u0107eg pogleda sa vrha, godinama je privla\u010dio pa\u017enju ljudi. Po\u0161to je sada zatvoren za javnost, \u017eeleo sam da rekreiram taj nalet adrenalina \u2013 uspon, ose\u0107aj stajanja na ivici i neverovatno uzbu\u0111enje <em>BASE<\/em> skoka sa vrha. Cilj je omogu\u0107iti ljudima iskustvo koje mo\u017eda nikada ne\u0107e mo\u0107i da do\u017eive u stvarnom \u017eivotu.<\/p>\n\n\n\n<figure class=\"wp-block-video\"><video height=\"1080\" style=\"aspect-ratio: 1920 \/ 1080;\" width=\"1920\" controls src=\"https:\/\/artandscience.rs\/wp-content\/uploads\/2025\/03\/Video-Ziga.mp4\"><\/video><\/figure>\n\n\n\n<p>U srcu ovog projekta le\u017ei ose\u0107aj zadivljenosti. Zadivljenost pred samom strukturom i njenim masivnim industrijskim prisustvom. Zadivljenost pred pogledom \u2013 tim nestvarnim, gotovo bo\u017eanskim prizorom odozgo. I zadivljenost prema onima koji su se popeli na vrh i stajali tamo, gledaju\u0107i nadole. Hteo sam da sve to prenesem u VR, ne samo kroz vizuelne efekte, ve\u0107 i kroz uranjanje putem \u010dula. Zato uklju\u010dujem i mirise \u2013 industrijski smog, pra\u0161inu, a zatim sve\u017e, \u010dist vazduh na vrhu. Ovi sitni, ali klju\u010dni detalji zna\u010dajno uti\u010du na to koliki vam ose\u0107aj prisustva pru\u017ea ovo iskustvo. Inspiraciju sam delimi\u010dno prona\u0161ao u radu Drvo (<em>Tree<\/em>) Milice Zec i Vinsloua Portera, koji je predstavljen na festivalu <em>Speculum Artium<\/em> u Trbovlju 2019. godine.<\/p>\n\n\n\n<p>Na neki na\u010din, ovaj projekat vidim kao potragu za ose\u0107ajem zadivljenosti kroz tehnologiju \u2013 do\u010daravanjem uzbu\u0111enja, straha i \u010du\u0111enja u istom dahu. Bilo u stvarnom ili virtuelnom svetu, taj ose\u0107aj stajanja na ivici ne\u010deg veli\u010danstvenog ostaje u vama. I upravo je to su\u0161tina ovog projekta.<\/p>\n\n\n\n<p><strong>U razvoju ovog projekta kombinujete kompjutersko modelovanje, prirodne materijale i <em>DIY<\/em> (<em>Do It Yourself<\/em>) principe. Mo\u017eete li nam re\u0107i ne\u0161to vi\u0161e o tehnikama i pristupu koji koristite?<\/strong><\/p>\n\n\n\n<p>Najpre detaljno rekreiram teren oko dimnjaka u Trbovlju u visokoj rezoluciji 3D modela, kako bi virtuelno okru\u017eenje delovalo \u0161to realisti\u010dnije. Ovaj nivo realnosti je klju\u010dan za postizanje uverljivog iskustva, \u010dine\u0107i uspon i <em>BASE<\/em> skok zaista visceralnim do\u017eivljajem.<\/p>\n\n\n\n<p>Da bih dodatno poja\u010dao fizi\u010dko uranjanje, koristim egzoskeletni sistem koji korisnika blago podi\u017ee od tla, omogu\u0107avaju\u0107i mu ve\u0107i opseg pokreta. Dizajn ovog sistema inspirisan je <em>open-source<\/em> planovima za EXIT odelo (pr. prev. specijalno odelo za VR), koje prilago\u0111avam specifi\u010dno za ovaj projekat. Odelo je delimi\u010dno izra\u0111eno od drveta, precizno obra\u0111enog <em>CNC<\/em> ma\u0161inama, a povezano je u\u017eadima i recikliranim metalnim komponentama. Ovaj <em>DIY<\/em> pristup ne samo da omogu\u0107ava prilagodljivost postavke, ve\u0107 i odr\u017eava taktilni aspekt iskustva, dodatno ja\u010daju\u0107i vezu izme\u0111u digitalne simulacije i fizi\u010dkog ose\u0107aja.<\/p>\n\n\n\n<p>Egzoskelet igra klju\u010dnu ulogu u simulaciji promene te\u017eine i pokreta penjanja, kao i <em>BASE<\/em> skoka. Odr\u017eavaju\u0107i korisnika u vazduhu, stvara ose\u0107aj beste\u017einskog stanja i slobodnog kretanja, \u010dime poja\u010dava iluziju prkosa gravitaciji \u2013 \u0161to je od su\u0161tinskog zna\u010daja za celokupno iskustvo.<\/p>\n\n\n\n<figure class=\"wp-block-image size-large\"><img decoding=\"async\" width=\"1024\" height=\"576\" data-src=\"https:\/\/artandscience.rs\/wp-content\/uploads\/2025\/03\/Foto-2-1024x576.jpg\" alt=\"\" class=\"wp-image-4243 lazyload\" data-srcset=\"https:\/\/artandscience.rs\/wp-content\/uploads\/2025\/03\/Foto-2-1024x576.jpg 1024w, https:\/\/artandscience.rs\/wp-content\/uploads\/2025\/03\/Foto-2-300x169.jpg 300w, https:\/\/artandscience.rs\/wp-content\/uploads\/2025\/03\/Foto-2-768x432.jpg 768w, https:\/\/artandscience.rs\/wp-content\/uploads\/2025\/03\/Foto-2-18x10.jpg 18w, https:\/\/artandscience.rs\/wp-content\/uploads\/2025\/03\/Foto-2.jpg 1280w\" data-sizes=\"(max-width: 1024px) 100vw, 1024px\" src=\"data:image\/svg+xml;base64,PHN2ZyB3aWR0aD0iMSIgaGVpZ2h0PSIxIiB4bWxucz0iaHR0cDovL3d3dy53My5vcmcvMjAwMC9zdmciPjwvc3ZnPg==\" style=\"--smush-placeholder-width: 1024px; --smush-placeholder-aspect-ratio: 1024\/576;\" \/><figcaption class=\"wp-element-caption\"><em>Izvor fotografije: Jutjub video-snimak Exit Suit | AWE EU 2023 | Vienna \/\u00a0Cecilia Lascialfari &#8211; ARea6DoF<\/em><\/figcaption><\/figure>\n\n\n\n<p>Ova kombinacija kompjuterski generisanog realizma, fizi\u010dkih mehani\u010dkih elemenata i ru\u010dno izra\u0111ene tehnologije omogu\u0107ava mi da imerzivnost podignem na vi\u0161i nivo, anga\u017euju\u0107i telo jednako intenzivno kao i um.<\/p>\n\n\n\n<p><strong>\u0160ta za vas predstavlja dimnjak u Trbovlju? Za\u0161to je o\u010duvanje industrijskog nasle\u0111a va\u017eno?<\/strong><\/p>\n\n\n\n<p>Za mene, dimnjak u Trbovlju simbolizuje nadu za bolji kvalitet \u017eivota \u2013 posebno za budu\u0107e generacije. Izgra\u0111en je u periodu kada je industrija oblikovala ceo region, i mada je termoelektrana uga\u0161ena, dimnjak i dalje stoji kao mo\u0107an simbol. Za lokalno stanovni\u0161tvo on ima razli\u010dita zna\u010denja \u2013 neki ga vide kao spomenik zaga\u0111enju kojem je ovaj kraj bio izlo\u017een u pro\u0161losti, dok starije generacije cene \u010dinjenicu da im je omogu\u0107io da udi\u0161u \u010distiji vazduh.<\/p>\n\n\n\n<p>Ne bih rekao da je \u201eo\u010duvanje\u201c pravi izraz koji treba da koristimo kada govorimo o industrijskom nasle\u0111u. Mislim da je va\u017enije reinterpretirati i osmisliti nove na\u010dine kori\u0161\u0107enja ovih gra\u0111evina, umesto da ih pustimo da jednostavno izblede u zaborav. One ne moraju ostati zamrznute u vremenu \u2013 mogu dobiti novu svrhu.<\/p>\n\n\n\n<p>Tu umetnici igraju klju\u010dnu ulogu. Mi mo\u017eemo podsta\u0107i ma\u0161tu javnosti i inspirisati ljude da vide mogu\u0107nosti tamo gde ih ranije nisu prime\u0107ivali. Kada zajednica stane iza neke ideje, udru\u017ei resurse i zapo\u010dne preoblikovanje ovih prostora, tada dolazi do prave transformacije. I upravo me to najvi\u0161e uzbu\u0111uje \u2013 pretvaranje ne\u010dega starog u ne\u0161to \u0161to ponovo ima smisao i zna\u010daj.<\/p>\n\n\n\n<figure class=\"wp-block-image size-large\"><img decoding=\"async\" width=\"1024\" height=\"576\" data-src=\"https:\/\/artandscience.rs\/wp-content\/uploads\/2025\/03\/Foto-3-1024x576.jpeg\" alt=\"\" class=\"wp-image-4244 lazyload\" data-srcset=\"https:\/\/artandscience.rs\/wp-content\/uploads\/2025\/03\/Foto-3-1024x576.jpeg 1024w, https:\/\/artandscience.rs\/wp-content\/uploads\/2025\/03\/Foto-3-300x169.jpeg 300w, https:\/\/artandscience.rs\/wp-content\/uploads\/2025\/03\/Foto-3-768x432.jpeg 768w, https:\/\/artandscience.rs\/wp-content\/uploads\/2025\/03\/Foto-3-1536x864.jpeg 1536w, https:\/\/artandscience.rs\/wp-content\/uploads\/2025\/03\/Foto-3-18x10.jpeg 18w, https:\/\/artandscience.rs\/wp-content\/uploads\/2025\/03\/Foto-3.jpeg 1920w\" data-sizes=\"(max-width: 1024px) 100vw, 1024px\" src=\"data:image\/svg+xml;base64,PHN2ZyB3aWR0aD0iMSIgaGVpZ2h0PSIxIiB4bWxucz0iaHR0cDovL3d3dy53My5vcmcvMjAwMC9zdmciPjwvc3ZnPg==\" style=\"--smush-placeholder-width: 1024px; --smush-placeholder-aspect-ratio: 1024\/576;\" \/><\/figure>\n\n\n\n<p><strong>Na koji na\u010din va\u0161 umetni\u010dki projekat reinterpretira industrijsko nasle\u0111e Trbovlja?<\/strong><\/p>\n\n\n\n<p>Opasno je penjati se uz dimnjak, koji je i zatvoren za javnost bez nadzora, tako da moj projekat omogu\u0107ava svima da ga do\u017eive na bezbedan i imerzivan na\u010din. Iako to \u201epenjanje uz njega\u201c ne\u0107e biti dostignu\u0107e kojim bi se neko mogao pohvaliti u dru\u0161tvu, ono ipak donosi uzbu\u0111enje i adrenalin \u2013 onaj ose\u0107aj koji \u010dini da se ljudi ponovo osete \u017eivima.<\/p>\n\n\n\n<p>Osim toga, moj projekat slu\u017ei kao simboli\u010dna reinterpretacija budu\u0107nosti dimnjaka. Ponovnim osmi\u0161ljavanjem na\u010dina na koji mo\u017ee biti do\u017eivljen, nadam se da doprinosim diskusijama o njegovoj dugoro\u010dnoj prenameni. Ve\u0107 se govorilo o mogu\u0107nosti ugradnje lifta i vidikovca, \u0161to bi dimnjak moglo pretvoriti u pravi turisti\u010dki i kulturni simbol. Ali, realno gledano, za tako ne\u0161to bi bilo potrebno zna\u010dajno ulaganje \u2013 milioni evra da bi se struktura stabilizovala i u\u010dinila bezbednom za posetioce.<\/p>\n\n\n\n<p>Ono \u0161to ja radim jeste odr\u017eavanje te ideje \u017eivom \u2013 pokazujem da dimnjak i dalje fascinira ljude i da u sebi krije neiskori\u0161\u0107en potencijal za nove namene.<\/p>\n\n\n\n<p><strong>Va\u0161 dosada\u0161nji rad u velikoj meri se oslanja na VR i AR tehnologije, a od 2020. godine vodite digitalnu laboratoriju <em>KIBLA2LAB<\/em>. \u0160ta vas je privuklo ovim tehnologijama i mo\u017eete li nam re\u0107i ne\u0161to vi\u0161e o radu va\u0161e laboratorije?<\/strong><\/p>\n\n\n\n<p>Moje interesovanje oduvek je bilo usmereno na razumevanje me\u0111uljudskih interakcija \u2013 kako se ljudi povezuju, komuniciraju i do\u017eivljavaju stvari zajedno. To me je u po\u010detku privuklo dizajnu interakcija kao obliku kreativnog izraza.<\/p>\n\n\n\n<figure class=\"wp-block-image aligncenter size-large is-resized\"><img decoding=\"async\" data-src=\"https:\/\/artandscience.rs\/wp-content\/uploads\/2025\/02\/2B5A0225-683x1024.jpg\" alt=\"\" class=\"wp-image-4257 lazyload\" style=\"--smush-placeholder-width: 683px; --smush-placeholder-aspect-ratio: 683\/1024;width:840px;height:auto\" src=\"data:image\/svg+xml;base64,PHN2ZyB3aWR0aD0iMSIgaGVpZ2h0PSIxIiB4bWxucz0iaHR0cDovL3d3dy53My5vcmcvMjAwMC9zdmciPjwvc3ZnPg==\" \/><figcaption class=\"wp-element-caption\"><em>Foto: Ivan Stani\u0107<\/em><\/figcaption><\/figure>\n\n\n\n<p>Za mene kreativna tehnologija nije samo alat, ve\u0107 na\u010din na koji ljudi stupaju u interakciju sa njom i kako te interakcije postaju novi medij izra\u017eavanja. Tehnologije u nastajanju, poput VR-a, AR-a i ve\u0161ta\u010dke inteligencije, nude jedinstvene mogu\u0107nosti za oblikovanje tih iskustava, \u010dine\u0107i ih imerzivnijim i dinami\u010dnijim.<\/p>\n\n\n\n<p>U <em>KIBLA2LAB<\/em>-u intenzivno radimo na 3D digitalizaciji kulturnog nasle\u0111a i stvaranju interaktivnih hibridnih muzejskih iskustava. Jedan od na\u0161ih glavnih fokusa jeste pitanje kako u\u010diniti VR iskustvo zajedni\u010dkim do\u017eivljajem \u2013 \u0161to je izazov, s obzirom na to da VR tradicionalno izoluje korisnika. Da bismo to re\u0161ili, po\u010deli smo da uklju\u010dujemo i publiku \u2013 posmatra\u010de \u2013 kako bi i oni postali deo do\u017eivljaja, umesto da samo gledaju nekoga ko nosi VR nao\u010dare.<\/p>\n\n\n\n<p>U poslednje vreme, sa razvojem generativne ve\u0161ta\u010dke inteligencije, svedoci smo eksplozije novih mogu\u0107nosti u oblasti vizuelizacije i produkcije. Ove inovacije otvaraju potpuno nove pravce u kreativnom izrazu, omogu\u0107avaju\u0107i br\u017eu i pristupa\u010dniju izradu visoko imerzivnih i interaktivnih iskustava. Sada je zaista uzbudljiv trenutak za istra\u017eivanje kako tehnologija mo\u017ee dodatno pro\u0161iriti granice umetni\u010dkog izraza.<\/p>\n\n\n\n<div style=\"height:15px\" aria-hidden=\"true\" class=\"wp-block-spacer\"><\/div>\n\n\n\n<p><em>VRT P.T.I.C.H \u2013 Visions of Rapid Transformations: Perception Through Immersive Cinematic Hyperreality<\/em> jedan je od devet odabranih radova na regionalnom&nbsp;<em>art+science<\/em>&nbsp;konkursu u okviru&nbsp;<strong><em>FASIH<\/em>&nbsp;projekta<\/strong>&nbsp;(<em>Future Art Science Industrial Heritage<\/em>), posve\u0107enog revitalizaciji i o\u010duvanju industrijskog nasle\u0111a.&nbsp;<em>FASIH<\/em>&nbsp;izlo\u017eba bi\u0107e otvorena za publiku&nbsp;22. maja na tri lokacije \u2013 u Beogradu (Muzej nauke i tehnike), Rijeci (Vje\u0107nica&nbsp;Akademije primijenjenih umjetnosti) i Trbovlju (Delavski dom).<\/p>","protected":false},"excerpt":{"rendered":"<p>\u201eNe bih rekao da je \u2018o\u010duvanje\u2018 pravi izraz koji treba da koristimo kada govorimo o industrijskom nasle\u0111u. Mislim da je va\u017enije reinterpretirati i osmisliti nove na\u010dine kori\u0161\u0107enja ovih gra\u0111evina, umesto da ih pustimo da jednostavno izblede u zaborav. One ne moraju ostati zamrznute u vremenu \u2013 mogu dobiti novu svrhu\u201c Razgovarao: \u0110or\u0111e Petrovi\u0107 Mali slovena\u010dki [&hellip;]<\/p>\n","protected":false},"author":4,"featured_media":4252,"comment_status":"closed","ping_status":"closed","sticky":false,"template":"","format":"standard","meta":{"_acf_changed":false,"footnotes":""},"categories":[112,6],"tags":[],"class_list":["post-4238","post","type-post","status-publish","format-standard","has-post-thumbnail","hentry","category-fasih","category-razgovori"],"acf":[],"featured_image_src":"https:\/\/artandscience.rs\/wp-content\/uploads\/2025\/03\/Cover-Ziga-1.png","author_info":{"display_name":"Ivana Smolovic","author_link":"https:\/\/artandscience.rs\/en\/author\/ismolovic\/"},"_links":{"self":[{"href":"https:\/\/artandscience.rs\/en\/wp-json\/wp\/v2\/posts\/4238","targetHints":{"allow":["GET"]}}],"collection":[{"href":"https:\/\/artandscience.rs\/en\/wp-json\/wp\/v2\/posts"}],"about":[{"href":"https:\/\/artandscience.rs\/en\/wp-json\/wp\/v2\/types\/post"}],"author":[{"embeddable":true,"href":"https:\/\/artandscience.rs\/en\/wp-json\/wp\/v2\/users\/4"}],"replies":[{"embeddable":true,"href":"https:\/\/artandscience.rs\/en\/wp-json\/wp\/v2\/comments?post=4238"}],"version-history":[{"count":18,"href":"https:\/\/artandscience.rs\/en\/wp-json\/wp\/v2\/posts\/4238\/revisions"}],"predecessor-version":[{"id":4287,"href":"https:\/\/artandscience.rs\/en\/wp-json\/wp\/v2\/posts\/4238\/revisions\/4287"}],"wp:featuredmedia":[{"embeddable":true,"href":"https:\/\/artandscience.rs\/en\/wp-json\/wp\/v2\/media\/4252"}],"wp:attachment":[{"href":"https:\/\/artandscience.rs\/en\/wp-json\/wp\/v2\/media?parent=4238"}],"wp:term":[{"taxonomy":"category","embeddable":true,"href":"https:\/\/artandscience.rs\/en\/wp-json\/wp\/v2\/categories?post=4238"},{"taxonomy":"post_tag","embeddable":true,"href":"https:\/\/artandscience.rs\/en\/wp-json\/wp\/v2\/tags?post=4238"}],"curies":[{"name":"wp","href":"https:\/\/api.w.org\/{rel}","templated":true}]}}